


{"id":284,"date":"2021-12-21T11:47:41","date_gmt":"2021-12-21T14:47:41","guid":{"rendered":"https:\/\/memoriaambiental.org\/?p=284"},"modified":"2021-12-21T11:47:41","modified_gmt":"2021-12-21T14:47:41","slug":"vistas-de-calle-el-tirra","status":"publish","type":"post","link":"https:\/\/memoriaambiental.org\/es\/vistas-de-calle-el-tirra\/","title":{"rendered":"Vistas de Calle el Tirr\u00e1"},"content":{"rendered":"<p><span style=\"font-weight: 400;\">\u00a1<\/span><span style=\"font-weight: 400;\">Hola! Mi nombre es Hannia Candelario.\u00a0\u00a0<\/span><\/p>\n<p><span style=\"font-weight: 400;\">Vivo en las monta\u00f1as de San Jos\u00e9, Costa Rica. Esta es la vista que yo tengo desde mi casa. Estos cerros\u00a0 llevan como nombre Cerros La Ventolera y est\u00e1n protegidos por leyes que proh\u00edben construir o cortar\u00a0 \u00e1rboles en la zona. Hace mucho viento y frio en el invierno. Yo pienso que los mejores veranos del pa\u00eds\u00a0\u00a0<\/span><\/p>\n<p><span style=\"font-weight: 400;\">los tenemos los habitantes de Calle el Tirr\u00e1. En las ma\u00f1anas de verano se pueden ver orop\u00e9ndolas volar\u00a0 y construir sus nidos, los coyotes llegan al rio a tomar agua y los atardeceres son deslumbrantes.\u00a0\u00a0<\/span><\/p>\n<p><span style=\"font-weight: 400;\">San Jos\u00e9 es la capital de Costa Rica y como una ciudad, la expansi\u00f3n urbana cada vez va acabando con\u00a0 cerros y monta\u00f1as. Desafortunadamente, esa expansi\u00f3n tambi\u00e9n afecta esta monta\u00f1a. Aunque estas\u00a0 monta\u00f1as est\u00e1n protegidas, due\u00f1os de propiedades venden sus fincas y pronto \u00e1rboles son cortados\u00a0\u00a0<\/span><\/p>\n<p><span style=\"font-weight: 400;\">para construir casas. En una econom\u00eda transaccional es dif\u00edcil ver el valor de un \u00e1rbol cuando se ha\u00a0 ense\u00f1ado que un espacio es m\u00e1s valioso cuando se abre un bosque para cultivar, alimentar ganado,\u00a0 vender la madera o construir casas. Los recuerdos m\u00e1s valiosos de mi ni\u00f1ez consisten de caminatas con mi familia en estas monta\u00f1a, de tardes en el rio buscando cangrejos y jugando en el agua y de recolectas\u00a0 de moras silvestres-se encontraban tantas que hasta tra\u00edamos algunas a casa para hacer refresco. Veinte a\u00f1os despu\u00e9s, est\u00e1s memorias me hacen entristecer al ver el rio con basura que las personas producen.\u00a0 Ahora es frecuente el sonido de la motosierra, que hace enmudecer el canto de las aves y secar las\u00a0 cuencas de agua. Ya no encuentro moras cuando voy a correr\u2026 El cambio causado por las personas cada\u00a0 vez tiene consecuencias m\u00e1s visibles en este peque\u00f1o pueblo. Afortunadamente hay personas que est\u00e1n usando su voz para crear conciencia y evolucionar la forma actual de vivir en este verde para\u00edso. Yo soy\u00a0 una de esas voces.\u00a0<\/span><\/p>","protected":false},"excerpt":{"rendered":"<p>\u00a1Hola! Mi nombre es Hannia Candelario.\u00a0\u00a0 Vivo en las monta\u00f1as de San Jos\u00e9, Costa Rica. Esta es la vista que yo tengo desde mi casa. Estos cerros\u00a0 llevan como nombre Cerros La Ventolera y est\u00e1n protegidos por leyes que proh\u00edben construir o cortar\u00a0 \u00e1rboles en la zona. Hace mucho viento y frio en el invierno. &hellip; <a href=\"https:\/\/memoriaambiental.org\/es\/vistas-de-calle-el-tirra\/\" class=\"more-link\">Continue reading <span class=\"screen-reader-text\">Vistas de Calle el Tirr\u00e1<\/span><\/a><\/p>","protected":false},"author":3,"featured_media":285,"comment_status":"open","ping_status":"open","sticky":false,"template":"","format":"standard","meta":{"_acf_changed":false,"footnotes":""},"categories":[1],"tags":[],"paises":[],"ano_de_postagem":[],"ano_do_acontecimento":[],"class_list":["post-284","post","type-post","status-publish","format-standard","has-post-thumbnail","hentry","category-memoria"],"acf":[],"_links":{"self":[{"href":"https:\/\/memoriaambiental.org\/es\/wp-json\/wp\/v2\/posts\/284","targetHints":{"allow":["GET"]}}],"collection":[{"href":"https:\/\/memoriaambiental.org\/es\/wp-json\/wp\/v2\/posts"}],"about":[{"href":"https:\/\/memoriaambiental.org\/es\/wp-json\/wp\/v2\/types\/post"}],"author":[{"embeddable":true,"href":"https:\/\/memoriaambiental.org\/es\/wp-json\/wp\/v2\/users\/3"}],"replies":[{"embeddable":true,"href":"https:\/\/memoriaambiental.org\/es\/wp-json\/wp\/v2\/comments?post=284"}],"version-history":[{"count":1,"href":"https:\/\/memoriaambiental.org\/es\/wp-json\/wp\/v2\/posts\/284\/revisions"}],"predecessor-version":[{"id":286,"href":"https:\/\/memoriaambiental.org\/es\/wp-json\/wp\/v2\/posts\/284\/revisions\/286"}],"wp:featuredmedia":[{"embeddable":true,"href":"https:\/\/memoriaambiental.org\/es\/wp-json\/wp\/v2\/media\/285"}],"wp:attachment":[{"href":"https:\/\/memoriaambiental.org\/es\/wp-json\/wp\/v2\/media?parent=284"}],"wp:term":[{"taxonomy":"category","embeddable":true,"href":"https:\/\/memoriaambiental.org\/es\/wp-json\/wp\/v2\/categories?post=284"},{"taxonomy":"post_tag","embeddable":true,"href":"https:\/\/memoriaambiental.org\/es\/wp-json\/wp\/v2\/tags?post=284"},{"taxonomy":"paises","embeddable":true,"href":"https:\/\/memoriaambiental.org\/es\/wp-json\/wp\/v2\/paises?post=284"},{"taxonomy":"ano_de_postagem","embeddable":true,"href":"https:\/\/memoriaambiental.org\/es\/wp-json\/wp\/v2\/ano_de_postagem?post=284"},{"taxonomy":"ano_do_acontecimento","embeddable":true,"href":"https:\/\/memoriaambiental.org\/es\/wp-json\/wp\/v2\/ano_do_acontecimento?post=284"}],"curies":[{"name":"wp","href":"https:\/\/api.w.org\/{rel}","templated":true}]}}