


{"id":278,"date":"2021-12-21T11:48:12","date_gmt":"2021-12-21T14:48:12","guid":{"rendered":"https:\/\/memoriaambiental.org\/?p=278"},"modified":"2021-12-21T11:48:12","modified_gmt":"2021-12-21T14:48:12","slug":"resistencia-e-sabedoria-em-tres-geracoes-da-familia","status":"publish","type":"post","link":"https:\/\/memoriaambiental.org\/es\/resistencia-e-sabedoria-em-tres-geracoes-da-familia\/","title":{"rendered":"Resist\u00eancia e sabedoria em tr\u00eas gera\u00e7\u00f5es da fam\u00edlia"},"content":{"rendered":"<p>Minha mem\u00f3ria conta a hist\u00f3ria das pessoas mais importantes da minha vida, Dona Severina e Seu Raimundo, meus av\u00f3s. Eles deslocaram a fam\u00edlia da Para\u00edba para o Rio de Janeiro, se instalando na Mar\u00e9 quando tudo ainda era \u00e1gua e manguezal. A minha fam\u00edlia cresceu junto com o territ\u00f3rio, sempre com muita luta e desafios. A partir da luta dos moradores \u00e9 que s\u00e3o feitas as a\u00e7\u00f5es na favela, sejam culturais, educacionais ou at\u00e9 mesmo de saneamento b\u00e1sico.<\/p>\n<p><iframe loading=\"lazy\" src=\"https:\/\/w.soundcloud.com\/player\/?url=https%3A\/\/api.soundcloud.com\/tracks\/947559790&amp;color=%23ff5500&amp;auto_play=false&amp;hide_related=false&amp;show_comments=true&amp;show_user=true&amp;show_reposts=false&amp;show_teaser=true&amp;visual=true\" width=\"100%\" height=\"300\" frameborder=\"no\" scrolling=\"no\"><\/iframe><\/p>\n<div style=\"font-size: 10px; color: #cccccc; line-break: anywhere; word-break: normal; overflow: hidden; white-space: nowrap; text-overflow: ellipsis; font-family: Interstate,Lucida Grande,Lucida Sans Unicode,Lucida Sans,Garuda,Verdana,Tahoma,sans-serif; font-weight: 100;\"><a style=\"color: #cccccc; text-decoration: none;\" title=\"Memoria Ambiental\" href=\"https:\/\/soundcloud.com\/memoria-ambiental\" target=\"_blank\" rel=\"noopener\">Memoria Ambiental<\/a> \u00b7 <a style=\"color: #cccccc; text-decoration: none;\" title=\"Resist\u00eancia e sabedoria em tr\u00eas gera\u00e7\u00f5es da fam\u00edlia\" href=\"https:\/\/soundcloud.com\/memoria-ambiental\/saneamento-alta\" target=\"_blank\" rel=\"noopener\">Resist\u00eancia e sabedoria em tr\u00eas gera\u00e7\u00f5es da fam\u00edlia<\/a><\/div>\n<p>&nbsp;<\/p>\n<p>&nbsp;<\/p>","protected":false},"excerpt":{"rendered":"<p>Minha mem\u00f3ria conta a hist\u00f3ria das pessoas mais importantes da minha vida, Dona Severina e Seu Raimundo, meus av\u00f3s. Eles deslocaram a fam\u00edlia da Para\u00edba para o Rio de Janeiro, se instalando na Mar\u00e9 quando tudo ainda era \u00e1gua e manguezal. A minha fam\u00edlia cresceu junto com o territ\u00f3rio, sempre com muita luta e desafios. &hellip; <a href=\"https:\/\/memoriaambiental.org\/es\/resistencia-e-sabedoria-em-tres-geracoes-da-familia\/\" class=\"more-link\">Continue reading <span class=\"screen-reader-text\">Resist\u00eancia e sabedoria em tr\u00eas gera\u00e7\u00f5es da fam\u00edlia<\/span><\/a><\/p>","protected":false},"author":3,"featured_media":279,"comment_status":"open","ping_status":"open","sticky":false,"template":"","format":"standard","meta":{"_acf_changed":false,"footnotes":""},"categories":[1],"tags":[],"paises":[],"ano_de_postagem":[],"ano_do_acontecimento":[],"class_list":["post-278","post","type-post","status-publish","format-standard","has-post-thumbnail","hentry","category-memoria"],"acf":[],"_links":{"self":[{"href":"https:\/\/memoriaambiental.org\/es\/wp-json\/wp\/v2\/posts\/278","targetHints":{"allow":["GET"]}}],"collection":[{"href":"https:\/\/memoriaambiental.org\/es\/wp-json\/wp\/v2\/posts"}],"about":[{"href":"https:\/\/memoriaambiental.org\/es\/wp-json\/wp\/v2\/types\/post"}],"author":[{"embeddable":true,"href":"https:\/\/memoriaambiental.org\/es\/wp-json\/wp\/v2\/users\/3"}],"replies":[{"embeddable":true,"href":"https:\/\/memoriaambiental.org\/es\/wp-json\/wp\/v2\/comments?post=278"}],"version-history":[{"count":1,"href":"https:\/\/memoriaambiental.org\/es\/wp-json\/wp\/v2\/posts\/278\/revisions"}],"predecessor-version":[{"id":280,"href":"https:\/\/memoriaambiental.org\/es\/wp-json\/wp\/v2\/posts\/278\/revisions\/280"}],"wp:featuredmedia":[{"embeddable":true,"href":"https:\/\/memoriaambiental.org\/es\/wp-json\/wp\/v2\/media\/279"}],"wp:attachment":[{"href":"https:\/\/memoriaambiental.org\/es\/wp-json\/wp\/v2\/media?parent=278"}],"wp:term":[{"taxonomy":"category","embeddable":true,"href":"https:\/\/memoriaambiental.org\/es\/wp-json\/wp\/v2\/categories?post=278"},{"taxonomy":"post_tag","embeddable":true,"href":"https:\/\/memoriaambiental.org\/es\/wp-json\/wp\/v2\/tags?post=278"},{"taxonomy":"paises","embeddable":true,"href":"https:\/\/memoriaambiental.org\/es\/wp-json\/wp\/v2\/paises?post=278"},{"taxonomy":"ano_de_postagem","embeddable":true,"href":"https:\/\/memoriaambiental.org\/es\/wp-json\/wp\/v2\/ano_de_postagem?post=278"},{"taxonomy":"ano_do_acontecimento","embeddable":true,"href":"https:\/\/memoriaambiental.org\/es\/wp-json\/wp\/v2\/ano_do_acontecimento?post=278"}],"curies":[{"name":"wp","href":"https:\/\/api.w.org\/{rel}","templated":true}]}}