


{"id":239,"date":"2021-12-21T11:54:51","date_gmt":"2021-12-21T14:54:51","guid":{"rendered":"https:\/\/memoriaambiental.org\/?p=239"},"modified":"2021-12-21T11:54:51","modified_gmt":"2021-12-21T14:54:51","slug":"industria-textil-e-seus-desenvolvimentos-dentro-e-fora-do-complexo-da-mare","status":"publish","type":"post","link":"https:\/\/memoriaambiental.org\/es\/industria-textil-e-seus-desenvolvimentos-dentro-e-fora-do-complexo-da-mare\/","title":{"rendered":"Ind\u00fastria T\u00eaxtil e seus desenvolvimentos dentro e fora do complexo da mar\u00e9"},"content":{"rendered":"<p>Autora: Brainer<\/p>\n<p><em>Minha mem\u00f3ria parte do trabalho da minha av\u00f3 como costureira que influenciou minhas escolhas para a vida e que me fizeram perceber os impactos dessa ind\u00fastria no meu territ\u00f3rio. A Mar\u00e9 nasceu na Ba\u00eda de Guanabara, \u00e1guas que recebem toneladas de produtos qu\u00edmicos originados da produ\u00e7\u00e3o do jeans, pe\u00e7a que fundamenta a identidade visual de muitos mareenses. Reflito aqui as possibilidades de transforma\u00e7\u00e3o desse ciclo de polui\u00e7\u00e3o atrav\u00e9s da educa\u00e7\u00e3o e sensibiliza\u00e7\u00e3o dos moradores.<\/em><\/p>\n<p>Minha av\u00f3 era costureira e a partir disso segui no meu ensino m\u00e9dio a forma\u00e7\u00e3o em produ\u00e7\u00e3o de moda. Dentro do curso, pesquisei sustentabilidade do territ\u00f3rio mareense. Comecei a me questionar sobre as ind\u00fastrias t\u00eaxtil relacionadas aos inc\u00f4modos sobre as mudan\u00e7as clim\u00e1ticas do meu territ\u00f3rio.<\/p>\n<p>Al\u00e9m de minha av\u00f3, minha outra refer\u00eancia \u00e9 Camila Rocha, minha amiga e costureira. E o seu Anast\u00e1cio, que foi alfaiate morador da Mar\u00e9 desde a d\u00e9cada de 80.<\/p>\n<p>Atan\u00e1sio Amorim, tamb\u00e9m chamado s\u00f3 de Seu Atan\u00e1sio, morador da Baixa do Sapateiro, nos deixou no dia 25 de abril, v\u00edtima de Coronav\u00edrus.<\/p>\n<p><img loading=\"lazy\" decoding=\"async\" class=\"alignnone size-medium wp-image-240\" src=\"https:\/\/memoriaambiental.org\/wp-content\/uploads\/2021\/11\/2020-11-26-2-300x223.png\" alt=\"\" width=\"300\" height=\"223\" srcset=\"https:\/\/memoriaambiental.org\/wp-content\/uploads\/2021\/11\/2020-11-26-2-300x223.png 300w, https:\/\/memoriaambiental.org\/wp-content\/uploads\/2021\/11\/2020-11-26-2-768x570.png 768w, https:\/\/memoriaambiental.org\/wp-content\/uploads\/2021\/11\/2020-11-26-2-16x12.png 16w, https:\/\/memoriaambiental.org\/wp-content\/uploads\/2021\/11\/2020-11-26-2.png 879w\" sizes=\"auto, (max-width: 300px) 100vw, 300px\" \/><\/p>\n<p>Entendo a minha mem\u00f3ria com as costuras e a preocupa\u00e7\u00e3o das ind\u00fastrias de grande e pequeno porte em um descuido que degrada e polui as \u00e1guas que banham o meu territ\u00f3rio e dava de sustento para pescadores da redondeza. E que para haver transforma\u00e7\u00f5es \u00e9 preciso que haja informa\u00e7\u00e3o, que possam nos ajudar a entender a mem\u00f3ria de quem iniciou ou movimentou esta cena dentro do complexo da mar\u00e9. Acredito que a transforma\u00e7\u00e3o parte de de uma troca de saberes e um olhar sens\u00edvel para as quest\u00f5es ambientais.<\/p>\n<p>O adoecimento da Ba\u00eda de Guanabara \u00e9 um processo hist\u00f3rico, junto de uma produ\u00e7\u00e3o t\u00eaxtil que contribui muito para esse cen\u00e1rio, n\u00e3o \u00e9 poss\u00edvel culpabilizar pequenos produtores e a popula\u00e7\u00e3o, mas aprender com essas pessoas novas formas de utilizar e cuidar dessas pe\u00e7as.<\/p>\n<p><img loading=\"lazy\" decoding=\"async\" class=\"alignnone size-medium wp-image-241\" src=\"https:\/\/memoriaambiental.org\/wp-content\/uploads\/2021\/11\/WhatsApp-Image-2020-10-30-at-17.19.47-300x169.jpeg\" alt=\"\" width=\"300\" height=\"169\" srcset=\"https:\/\/memoriaambiental.org\/wp-content\/uploads\/2021\/11\/WhatsApp-Image-2020-10-30-at-17.19.47-300x169.jpeg 300w, https:\/\/memoriaambiental.org\/wp-content\/uploads\/2021\/11\/WhatsApp-Image-2020-10-30-at-17.19.47-1024x576.jpeg 1024w, https:\/\/memoriaambiental.org\/wp-content\/uploads\/2021\/11\/WhatsApp-Image-2020-10-30-at-17.19.47-768x432.jpeg 768w, https:\/\/memoriaambiental.org\/wp-content\/uploads\/2021\/11\/WhatsApp-Image-2020-10-30-at-17.19.47-18x10.jpeg 18w, https:\/\/memoriaambiental.org\/wp-content\/uploads\/2021\/11\/WhatsApp-Image-2020-10-30-at-17.19.47-rotated.jpeg 1280w\" sizes=\"auto, (max-width: 300px) 100vw, 300px\" \/><\/p>\n<p>Reflito como n\u00f3s e as \u00e1guas temos sofrido com os danos provocados pela ind\u00fastria do vestu\u00e1rio. Obviamente, rios polu\u00eddos e t\u00f3xicos fazem mal n\u00e3o apenas para o meio ambiente, mas para as milh\u00f5es de pessoas que vivem em seu entorno.<\/p>\n<p>Muitas f\u00e1bricas escondem os tubos debaixo dos rios e s\u00f3 descarregam sua sujeira sem ningu\u00e9m saber de onde vem. E uma vez na \u00e1gua, os t\u00f3xicos n\u00e3o desaparecem ou desintegram, simplesmente continuam viajando no oceano.<\/p>\n<p>E com esses processos de um descuido ambiental que gera as doen\u00e7as e o distanciamento dos moradores da mar\u00e9 com a Ba\u00eda de Guanabara e at\u00e9 mesmo os pescadores locais que atualmente sumiram do espa\u00e7o local.<\/p>\n<p><img loading=\"lazy\" decoding=\"async\" class=\"alignnone size-medium wp-image-242\" src=\"https:\/\/memoriaambiental.org\/wp-content\/uploads\/2021\/11\/WhatsApp-Image-2020-10-30-at-17.16.51-300x169.jpeg\" alt=\"\" width=\"300\" height=\"169\" srcset=\"https:\/\/memoriaambiental.org\/wp-content\/uploads\/2021\/11\/WhatsApp-Image-2020-10-30-at-17.16.51-300x169.jpeg 300w, https:\/\/memoriaambiental.org\/wp-content\/uploads\/2021\/11\/WhatsApp-Image-2020-10-30-at-17.16.51-1024x576.jpeg 1024w, https:\/\/memoriaambiental.org\/wp-content\/uploads\/2021\/11\/WhatsApp-Image-2020-10-30-at-17.16.51-768x432.jpeg 768w, https:\/\/memoriaambiental.org\/wp-content\/uploads\/2021\/11\/WhatsApp-Image-2020-10-30-at-17.16.51-18x10.jpeg 18w, https:\/\/memoriaambiental.org\/wp-content\/uploads\/2021\/11\/WhatsApp-Image-2020-10-30-at-17.16.51.jpeg 1280w\" sizes=\"auto, (max-width: 300px) 100vw, 300px\" \/><\/p>","protected":false},"excerpt":{"rendered":"<p>Autora: Brainer Minha mem\u00f3ria parte do trabalho da minha av\u00f3 como costureira que influenciou minhas escolhas para a vida e que me fizeram perceber os impactos dessa ind\u00fastria no meu territ\u00f3rio. A Mar\u00e9 nasceu na Ba\u00eda de Guanabara, \u00e1guas que recebem toneladas de produtos qu\u00edmicos originados da produ\u00e7\u00e3o do jeans, pe\u00e7a que fundamenta a identidade &hellip; <a href=\"https:\/\/memoriaambiental.org\/es\/industria-textil-e-seus-desenvolvimentos-dentro-e-fora-do-complexo-da-mare\/\" class=\"more-link\">Continue reading <span class=\"screen-reader-text\">Ind\u00fastria T\u00eaxtil e seus desenvolvimentos dentro e fora do complexo da mar\u00e9<\/span><\/a><\/p>","protected":false},"author":3,"featured_media":240,"comment_status":"open","ping_status":"open","sticky":false,"template":"","format":"standard","meta":{"_acf_changed":false,"footnotes":""},"categories":[1],"tags":[],"paises":[9],"ano_de_postagem":[11],"ano_do_acontecimento":[10],"class_list":["post-239","post","type-post","status-publish","format-standard","has-post-thumbnail","hentry","category-memoria","paises-brasil","ano_de_postagem-11","ano_do_acontecimento-10"],"acf":[],"_links":{"self":[{"href":"https:\/\/memoriaambiental.org\/es\/wp-json\/wp\/v2\/posts\/239","targetHints":{"allow":["GET"]}}],"collection":[{"href":"https:\/\/memoriaambiental.org\/es\/wp-json\/wp\/v2\/posts"}],"about":[{"href":"https:\/\/memoriaambiental.org\/es\/wp-json\/wp\/v2\/types\/post"}],"author":[{"embeddable":true,"href":"https:\/\/memoriaambiental.org\/es\/wp-json\/wp\/v2\/users\/3"}],"replies":[{"embeddable":true,"href":"https:\/\/memoriaambiental.org\/es\/wp-json\/wp\/v2\/comments?post=239"}],"version-history":[{"count":1,"href":"https:\/\/memoriaambiental.org\/es\/wp-json\/wp\/v2\/posts\/239\/revisions"}],"predecessor-version":[{"id":243,"href":"https:\/\/memoriaambiental.org\/es\/wp-json\/wp\/v2\/posts\/239\/revisions\/243"}],"wp:featuredmedia":[{"embeddable":true,"href":"https:\/\/memoriaambiental.org\/es\/wp-json\/wp\/v2\/media\/240"}],"wp:attachment":[{"href":"https:\/\/memoriaambiental.org\/es\/wp-json\/wp\/v2\/media?parent=239"}],"wp:term":[{"taxonomy":"category","embeddable":true,"href":"https:\/\/memoriaambiental.org\/es\/wp-json\/wp\/v2\/categories?post=239"},{"taxonomy":"post_tag","embeddable":true,"href":"https:\/\/memoriaambiental.org\/es\/wp-json\/wp\/v2\/tags?post=239"},{"taxonomy":"paises","embeddable":true,"href":"https:\/\/memoriaambiental.org\/es\/wp-json\/wp\/v2\/paises?post=239"},{"taxonomy":"ano_de_postagem","embeddable":true,"href":"https:\/\/memoriaambiental.org\/es\/wp-json\/wp\/v2\/ano_de_postagem?post=239"},{"taxonomy":"ano_do_acontecimento","embeddable":true,"href":"https:\/\/memoriaambiental.org\/es\/wp-json\/wp\/v2\/ano_do_acontecimento?post=239"}],"curies":[{"name":"wp","href":"https:\/\/api.w.org\/{rel}","templated":true}]}}