


{"id":195,"date":"2021-11-09T14:37:55","date_gmt":"2021-11-09T17:37:55","guid":{"rendered":"https:\/\/memoriaambiental.org\/?p=195"},"modified":"2021-12-21T14:29:05","modified_gmt":"2021-12-21T17:29:05","slug":"un-salto-en-el-tiempo","status":"publish","type":"post","link":"https:\/\/memoriaambiental.org\/es\/un-salto-en-el-tiempo\/","title":{"rendered":"Um salto no Tempo"},"content":{"rendered":"<p>Um salto no Tempo \u00e9 uma mem\u00f3ria ambiental em formato de anima\u00e7\u00e3o realizada em El Salto e Juanacatl\u00e1n, dois munic\u00edpios do estado de Jalisco, no M\u00e9xico.<br \/>\nA mem\u00f3ria relata as transforma\u00e7\u00f5es vivenciadas nesses munic\u00edpios com a industrializa\u00e7\u00e3o, bem como as consequ\u00eancias para a sa\u00fade da popula\u00e7\u00e3o e do meio ambiente.<br \/>\nO filme ilustra brevemente a luta de seus habitantes que se organizam na associa\u00e7\u00e3o chamada &#8220;Um Salto de Vida&#8221;, que h\u00e1 v\u00e1rios anos v\u00eam trabalhando para tornar vis\u00edveis os problemas deste territ\u00f3rio e se articulam com outras lutas na busca por uma melhor qualidade de vida. e um ambiente saud\u00e1vel.<\/p>\n<p>Producci\u00f3n: Memoria Ambiental, Un Salto de Vida, Aut\u00f3mata Animations<br \/>\nDuraci\u00f3n: 10\u201903\u2019\u2019<\/p>\n<p><iframe loading=\"lazy\" title=\"vimeo-player\" src=\"https:\/\/player.vimeo.com\/video\/510341790?h=ca693ff8bc\" width=\"640\" height=\"360\" frameborder=\"0\" allowfullscreen=\"allowfullscreen\"><\/iframe><\/p>","protected":false},"excerpt":{"rendered":"<p>Um salto no Tempo \u00e9 uma mem\u00f3ria ambiental em formato de anima\u00e7\u00e3o realizada em El Salto e Juanacatl\u00e1n, dois munic\u00edpios do estado de Jalisco, no M\u00e9xico. A mem\u00f3ria relata as transforma\u00e7\u00f5es vivenciadas nesses munic\u00edpios com a industrializa\u00e7\u00e3o, bem como as consequ\u00eancias para a sa\u00fade da popula\u00e7\u00e3o e do meio ambiente. O filme ilustra brevemente a &hellip; <a href=\"https:\/\/memoriaambiental.org\/es\/un-salto-en-el-tiempo\/\" class=\"more-link\">Continue reading <span class=\"screen-reader-text\">Um salto no Tempo<\/span><\/a><\/p>","protected":false},"author":3,"featured_media":314,"comment_status":"open","ping_status":"open","sticky":false,"template":"","format":"standard","meta":{"_acf_changed":false,"footnotes":""},"categories":[1],"tags":[],"paises":[],"ano_de_postagem":[],"ano_do_acontecimento":[],"class_list":["post-195","post","type-post","status-publish","format-standard","has-post-thumbnail","hentry","category-memoria"],"acf":[],"_links":{"self":[{"href":"https:\/\/memoriaambiental.org\/es\/wp-json\/wp\/v2\/posts\/195","targetHints":{"allow":["GET"]}}],"collection":[{"href":"https:\/\/memoriaambiental.org\/es\/wp-json\/wp\/v2\/posts"}],"about":[{"href":"https:\/\/memoriaambiental.org\/es\/wp-json\/wp\/v2\/types\/post"}],"author":[{"embeddable":true,"href":"https:\/\/memoriaambiental.org\/es\/wp-json\/wp\/v2\/users\/3"}],"replies":[{"embeddable":true,"href":"https:\/\/memoriaambiental.org\/es\/wp-json\/wp\/v2\/comments?post=195"}],"version-history":[{"count":9,"href":"https:\/\/memoriaambiental.org\/es\/wp-json\/wp\/v2\/posts\/195\/revisions"}],"predecessor-version":[{"id":315,"href":"https:\/\/memoriaambiental.org\/es\/wp-json\/wp\/v2\/posts\/195\/revisions\/315"}],"wp:featuredmedia":[{"embeddable":true,"href":"https:\/\/memoriaambiental.org\/es\/wp-json\/wp\/v2\/media\/314"}],"wp:attachment":[{"href":"https:\/\/memoriaambiental.org\/es\/wp-json\/wp\/v2\/media?parent=195"}],"wp:term":[{"taxonomy":"category","embeddable":true,"href":"https:\/\/memoriaambiental.org\/es\/wp-json\/wp\/v2\/categories?post=195"},{"taxonomy":"post_tag","embeddable":true,"href":"https:\/\/memoriaambiental.org\/es\/wp-json\/wp\/v2\/tags?post=195"},{"taxonomy":"paises","embeddable":true,"href":"https:\/\/memoriaambiental.org\/es\/wp-json\/wp\/v2\/paises?post=195"},{"taxonomy":"ano_de_postagem","embeddable":true,"href":"https:\/\/memoriaambiental.org\/es\/wp-json\/wp\/v2\/ano_de_postagem?post=195"},{"taxonomy":"ano_do_acontecimento","embeddable":true,"href":"https:\/\/memoriaambiental.org\/es\/wp-json\/wp\/v2\/ano_do_acontecimento?post=195"}],"curies":[{"name":"wp","href":"https:\/\/api.w.org\/{rel}","templated":true}]}}