


{"id":1,"date":"2021-06-21T15:03:05","date_gmt":"2021-06-21T18:03:05","guid":{"rendered":"http:\/\/memoriaambiental.org\/?p=1"},"modified":"2021-12-21T15:59:46","modified_gmt":"2021-12-21T18:59:46","slug":"ola-mundo","status":"publish","type":"post","link":"https:\/\/memoriaambiental.org\/es\/ola-mundo\/","title":{"rendered":"Memoria Ambiental de Sibat\u00e9"},"content":{"rendered":"<p>Sibat\u00e9 \u00e9 um munic\u00edpio colombiano de origem camponesa e voca\u00e7\u00e3o agr\u00edcola, localizado no departamento de Cundinamarca, na prov\u00edncia de Soacha. Na d\u00e9cada de 1940, foi constru\u00edda a represa de Mu\u00f1a, abastecida com \u00e1gua pura dos rios Mu\u00f1a e \u00c1guas Claras. Foi um para\u00edso tur\u00edstico onde a pesca, as regatas e a beleza de suas paisagens eram o dia a dia dos Sibate\u00f1os.<br \/>\nNa d\u00e9cada de 1970, as \u00e1guas polu\u00eddas do rio Bogot\u00e1 foram bombeadas para suas \u00e1guas puras. Essa decis\u00e3o acabou com o turismo, extinguindo esp\u00e9cies animais e vegetais. Desde ent\u00e3o, trag\u00e9dias ambientais marcaram presen\u00e7a neste territ\u00f3rio.<\/p>\n<p>Produ\u00e7\u00e3o: Defensores do Territ\u00f3rio Ambiental<\/p>\n<p><iframe loading=\"lazy\" title=\"Memoria ambiental Sibat\u00e9\" width=\"660\" height=\"371\" src=\"https:\/\/www.youtube.com\/embed\/TVxCy5C0S3I?feature=oembed\" frameborder=\"0\" allow=\"accelerometer; autoplay; clipboard-write; encrypted-media; gyroscope; picture-in-picture; web-share\" referrerpolicy=\"strict-origin-when-cross-origin\" allowfullscreen><\/iframe><\/p>\n<p>FORA COMIND!<\/p>\n<p>Em Sibat\u00e9, Cundinamarca, a multinacional COMIND det\u00e9m o t\u00edtulo de minera\u00e7\u00e3o para explorar areia de s\u00edlica h\u00e1 30 anos. A empresa usa e represa \u00e1gua sem autoriza\u00e7\u00e3o das autoridades ambientais. Essa \u00e1gua \u00e9 descarregada em c\u00f3rregos onde a popula\u00e7\u00e3o do entorno a utiliza para consumo humano e animal e para irriga\u00e7\u00e3o de lavouras. Os poucos riachos que ainda existem t\u00eam cor turva, perderam o fluxo e a fauna aqu\u00e1tica.<\/p>\n<p><iframe loading=\"lazy\" title=\"Fuera COMIND\" width=\"660\" height=\"371\" src=\"https:\/\/www.youtube.com\/embed\/h9WeFUEFVN8?feature=oembed\" frameborder=\"0\" allow=\"accelerometer; autoplay; clipboard-write; encrypted-media; gyroscope; picture-in-picture; web-share\" referrerpolicy=\"strict-origin-when-cross-origin\" allowfullscreen><\/iframe><\/p>\n<p>Produ\u00e7\u00e3o: Defensores del Territorio Ambiental<\/p>","protected":false},"excerpt":{"rendered":"<p>Sibat\u00e9 \u00e9 um munic\u00edpio colombiano de origem camponesa e voca\u00e7\u00e3o agr\u00edcola, localizado no departamento de Cundinamarca, na prov\u00edncia de Soacha. Na d\u00e9cada de 1940, foi constru\u00edda a represa de Mu\u00f1a, abastecida com \u00e1gua pura dos rios Mu\u00f1a e \u00c1guas Claras. Foi um para\u00edso tur\u00edstico onde a pesca, as regatas e a beleza de suas paisagens &hellip; <a href=\"https:\/\/memoriaambiental.org\/es\/ola-mundo\/\" class=\"more-link\">Continue reading <span class=\"screen-reader-text\">Memoria Ambiental de Sibat\u00e9<\/span><\/a><\/p>","protected":false},"author":1,"featured_media":312,"comment_status":"open","ping_status":"open","sticky":false,"template":"","format":"standard","meta":{"_acf_changed":false,"footnotes":""},"categories":[1],"tags":[],"paises":[],"ano_de_postagem":[],"ano_do_acontecimento":[],"class_list":["post-1","post","type-post","status-publish","format-standard","has-post-thumbnail","hentry","category-memoria"],"acf":[],"_links":{"self":[{"href":"https:\/\/memoriaambiental.org\/es\/wp-json\/wp\/v2\/posts\/1","targetHints":{"allow":["GET"]}}],"collection":[{"href":"https:\/\/memoriaambiental.org\/es\/wp-json\/wp\/v2\/posts"}],"about":[{"href":"https:\/\/memoriaambiental.org\/es\/wp-json\/wp\/v2\/types\/post"}],"author":[{"embeddable":true,"href":"https:\/\/memoriaambiental.org\/es\/wp-json\/wp\/v2\/users\/1"}],"replies":[{"embeddable":true,"href":"https:\/\/memoriaambiental.org\/es\/wp-json\/wp\/v2\/comments?post=1"}],"version-history":[{"count":9,"href":"https:\/\/memoriaambiental.org\/es\/wp-json\/wp\/v2\/posts\/1\/revisions"}],"predecessor-version":[{"id":322,"href":"https:\/\/memoriaambiental.org\/es\/wp-json\/wp\/v2\/posts\/1\/revisions\/322"}],"wp:featuredmedia":[{"embeddable":true,"href":"https:\/\/memoriaambiental.org\/es\/wp-json\/wp\/v2\/media\/312"}],"wp:attachment":[{"href":"https:\/\/memoriaambiental.org\/es\/wp-json\/wp\/v2\/media?parent=1"}],"wp:term":[{"taxonomy":"category","embeddable":true,"href":"https:\/\/memoriaambiental.org\/es\/wp-json\/wp\/v2\/categories?post=1"},{"taxonomy":"post_tag","embeddable":true,"href":"https:\/\/memoriaambiental.org\/es\/wp-json\/wp\/v2\/tags?post=1"},{"taxonomy":"paises","embeddable":true,"href":"https:\/\/memoriaambiental.org\/es\/wp-json\/wp\/v2\/paises?post=1"},{"taxonomy":"ano_de_postagem","embeddable":true,"href":"https:\/\/memoriaambiental.org\/es\/wp-json\/wp\/v2\/ano_de_postagem?post=1"},{"taxonomy":"ano_do_acontecimento","embeddable":true,"href":"https:\/\/memoriaambiental.org\/es\/wp-json\/wp\/v2\/ano_do_acontecimento?post=1"}],"curies":[{"name":"wp","href":"https:\/\/api.w.org\/{rel}","templated":true}]}}